{"id":1002,"date":"2017-06-16T08:48:12","date_gmt":"2017-06-16T06:48:12","guid":{"rendered":"http:\/\/www.pottoroak.fr\/?p=1002"},"modified":"2017-06-16T08:48:26","modified_gmt":"2017-06-16T06:48:26","slug":"chanteurs-pyreneens-et-basques-reunis","status":"publish","type":"post","link":"https:\/\/www.pottoroak.fr\/?p=1002","title":{"rendered":"Chanteurs pyr\u00e9n\u00e9ens et basques r\u00e9unis"},"content":{"rendered":"<p>En pr\u00e9lude \u00e0 la F\u00eate de la Musique 2017, le samedi 17 juin \u00e0 20 h 30, les murs de la cath\u00e9drale Sainte-Marie de Bayonne vibreront aux notes des chants basques et pyr\u00e9n\u00e9ens.<\/p>\n<p>En effet, le Ch\u0153ur du Club Pottoroak de Bayonne a invit\u00e9 celui des Chanteurs Pyr\u00e9n\u00e9ens de Tarbes dans la r\u00e9putation n&rsquo;est plus \u00e0 faire. Ce ch\u0153ur d&rsquo;hommes \u00e0 4 voix a cappella perp\u00e9tue depuis plus de 70 ans le chant orph\u00e9onique pyr\u00e9n\u00e9en. Fort d&rsquo;une quarantaine d&rsquo;ex\u00e9cutants, sous la direction de Bernard NOGU\u00c8S, le ch\u0153ur tarbais poss\u00e8de un r\u00e9pertoire tr\u00e8s vari\u00e9 comportant des chants d&rsquo;inspiration locale en occitan ou en fran\u00e7ais, des airs classiques c\u00e9l\u00e8bres extraits d&rsquo;op\u00e9ras, des chants religieux, des gospels, etc.<\/p>\n<p><a href=\"http:\/\/www.pottoroak.fr\/wp-content\/uploads\/2017\/06\/Le-Choeur-dHommes-du-Club-POTTOROAK.jpg\"><img loading=\"lazy\" decoding=\"async\" class=\"aligncenter wp-image-1003 size-large\" src=\"http:\/\/www.pottoroak.fr\/wp-content\/uploads\/2017\/06\/Le-Choeur-dHommes-du-Club-POTTOROAK-1024x591.jpg\" alt=\"\" width=\"1024\" height=\"591\" srcset=\"https:\/\/www.pottoroak.fr\/wp-content\/uploads\/2017\/06\/Le-Choeur-dHommes-du-Club-POTTOROAK-1024x591.jpg 1024w, https:\/\/www.pottoroak.fr\/wp-content\/uploads\/2017\/06\/Le-Choeur-dHommes-du-Club-POTTOROAK-300x173.jpg 300w, https:\/\/www.pottoroak.fr\/wp-content\/uploads\/2017\/06\/Le-Choeur-dHommes-du-Club-POTTOROAK-768x443.jpg 768w\" sizes=\"(max-width: 1024px) 100vw, 1024px\" \/><\/a><\/p>\n<p>Pour ce concert du samedi 17 avril, le Ch\u0153ur du Club Pottoroak, dirig\u00e9 par Andr\u00e9 LASSUS, assurera la premi\u00e8re partie en incluant plusieurs airs r\u00e9cemment entr\u00e9s dans son r\u00e9pertoire, notamment le negro spiritual Jacob&rsquo;s Ladder, Hey Zusammen et le Zortziko de San Juan.<\/p>\n<p><a href=\"http:\/\/www.pottoroak.fr\/wp-content\/uploads\/2017\/06\/Le-Ch\u0153ur-des-Chanteurs-Pyr\u00e9n\u00e9ens-de-Tarbes.jpg\"><img loading=\"lazy\" decoding=\"async\" class=\"aligncenter wp-image-1004 size-large\" src=\"http:\/\/www.pottoroak.fr\/wp-content\/uploads\/2017\/06\/Le-Ch\u0153ur-des-Chanteurs-Pyr\u00e9n\u00e9ens-de-Tarbes-1024x683.jpg\" alt=\"\" width=\"1024\" height=\"683\" srcset=\"https:\/\/www.pottoroak.fr\/wp-content\/uploads\/2017\/06\/Le-Ch\u0153ur-des-Chanteurs-Pyr\u00e9n\u00e9ens-de-Tarbes-1024x683.jpg 1024w, https:\/\/www.pottoroak.fr\/wp-content\/uploads\/2017\/06\/Le-Ch\u0153ur-des-Chanteurs-Pyr\u00e9n\u00e9ens-de-Tarbes-300x200.jpg 300w, https:\/\/www.pottoroak.fr\/wp-content\/uploads\/2017\/06\/Le-Ch\u0153ur-des-Chanteurs-Pyr\u00e9n\u00e9ens-de-Tarbes-768x512.jpg 768w, https:\/\/www.pottoroak.fr\/wp-content\/uploads\/2017\/06\/Le-Ch\u0153ur-des-Chanteurs-Pyr\u00e9n\u00e9ens-de-Tarbes-740x494.jpg 740w, https:\/\/www.pottoroak.fr\/wp-content\/uploads\/2017\/06\/Le-Ch\u0153ur-des-Chanteurs-Pyr\u00e9n\u00e9ens-de-Tarbes-370x247.jpg 370w\" sizes=\"(max-width: 1024px) 100vw, 1024px\" \/><\/a><\/p>\n<p>Quant aux Chanteurs Pyr\u00e9n\u00e9ens, dans le programme qu&rsquo;ils ont concoct\u00e9 pour leur d\u00e9placement bayonnais, on notera la Complainte de Pablo Neruda, le Ch\u0153ur des P\u00e8lerins tir\u00e9 de l&rsquo;op\u00e9ra Tannh\u00e4user de Richard Wagner, le Signore delle cime, grand succ\u00e8s mondial du compositeur Bepi De Marzi et le Sanctus de la messe solennelle de Sainte-C\u00e9cile compos\u00e9 par Charles Gounod.<\/p>\n<p>Pour terminer cette belle soir\u00e9e de partage et de plaisir du chant choral, les Chanteurs Pyr\u00e9n\u00e9ens et Pottoroak r\u00e9uniront leurs voix pour interpr\u00e9ter quelques airs embl\u00e9matiques de notre Pays Basque.<\/p>\n<p>_________<br \/>\nL&rsquo;entr\u00e9e du concert est \u00e0 10\u20ac, gratuite pour les moins de 14 ans.<br \/>\nLe placement est libre.<br \/>\nLa billetterie ouvrira \u00e0 20 h. Des billets peuvent \u00eatre achet\u00e9s d\u00e8s \u00e0 pr\u00e9sent \u00e0 l&rsquo;Office de Tourisme de Bayonne (05 59 46 09 00).<\/p>","protected":false},"excerpt":{"rendered":"<p>En pr\u00e9lude \u00e0 la F\u00eate de la Musique 2017, le samedi 17 juin \u00e0 20 h 30, les murs de la cath\u00e9drale Sainte-Marie de Bayonne vibreront aux notes des chants basques et pyr\u00e9n\u00e9ens. En effet, le Ch\u0153ur du Club Pottoroak de Bayonne a invit\u00e9 celui des Chanteurs Pyr\u00e9n\u00e9ens de Tarbes dans la r\u00e9putation n&rsquo;est plus &hellip; <\/p>\n","protected":false},"author":1,"featured_media":1004,"comment_status":"open","ping_status":"open","sticky":false,"template":"","format":"standard","meta":{"footnotes":""},"categories":[1],"tags":[],"_links":{"self":[{"href":"https:\/\/www.pottoroak.fr\/index.php?rest_route=\/wp\/v2\/posts\/1002"}],"collection":[{"href":"https:\/\/www.pottoroak.fr\/index.php?rest_route=\/wp\/v2\/posts"}],"about":[{"href":"https:\/\/www.pottoroak.fr\/index.php?rest_route=\/wp\/v2\/types\/post"}],"author":[{"embeddable":true,"href":"https:\/\/www.pottoroak.fr\/index.php?rest_route=\/wp\/v2\/users\/1"}],"replies":[{"embeddable":true,"href":"https:\/\/www.pottoroak.fr\/index.php?rest_route=%2Fwp%2Fv2%2Fcomments&post=1002"}],"version-history":[{"count":1,"href":"https:\/\/www.pottoroak.fr\/index.php?rest_route=\/wp\/v2\/posts\/1002\/revisions"}],"predecessor-version":[{"id":1005,"href":"https:\/\/www.pottoroak.fr\/index.php?rest_route=\/wp\/v2\/posts\/1002\/revisions\/1005"}],"wp:featuredmedia":[{"embeddable":true,"href":"https:\/\/www.pottoroak.fr\/index.php?rest_route=\/wp\/v2\/media\/1004"}],"wp:attachment":[{"href":"https:\/\/www.pottoroak.fr\/index.php?rest_route=%2Fwp%2Fv2%2Fmedia&parent=1002"}],"wp:term":[{"taxonomy":"category","embeddable":true,"href":"https:\/\/www.pottoroak.fr\/index.php?rest_route=%2Fwp%2Fv2%2Fcategories&post=1002"},{"taxonomy":"post_tag","embeddable":true,"href":"https:\/\/www.pottoroak.fr\/index.php?rest_route=%2Fwp%2Fv2%2Ftags&post=1002"}],"curies":[{"name":"wp","href":"https:\/\/api.w.org\/{rel}","templated":true}]}}