{"id":1259,"date":"2019-07-08T17:27:02","date_gmt":"2019-07-08T15:27:02","guid":{"rendered":"http:\/\/www.pottoroak.fr\/?p=1259"},"modified":"2019-07-08T17:30:11","modified_gmt":"2019-07-08T15:30:11","slug":"concerts-dete-2019","status":"publish","type":"post","link":"https:\/\/www.pottoroak.fr\/?p=1259","title":{"rendered":"L\u2019\u00e9t\u00e9 bayonnais 2019 du Ch\u0153ur d\u2019hommes POTTOROAK"},"content":{"rendered":"<p><\/p>\n<p class=\"p1\"><span class=\"s1\"><b>Premier rendez-vous bayonnais le mardi 9 juillet<\/b><\/span><\/p>\n<p class=\"p3\"><span class=\"s1\">La p\u00e9riode estivale 2019 sera un temps fort pour le ch\u0153ur d\u2019hommes du Club Pottoroak dans sa participation \u00e0 l\u2019animation de sa ville de Bayonne. Plusieurs rendez-vous sont donn\u00e9s au public local comme aux touristes qui visiteront notre ville\u00a0: les concerts d\u2019\u00e9t\u00e9 au \u00ab\u00a0domicile\u00a0\u00bb du ch\u0153ur (cf. plus bas), un concert partag\u00e9 avec le Ch\u0153ur d\u2019hommes Kantarima le samedi 20 juillet en l\u2019\u00e9glise Saint-Esprit, la prestation traditionnelle dans le cadre des f\u00eates de Bayonne le jeudi 25 juillet, la soir\u00e9e musicale du 22 ao\u00fbt au Mus\u00e9e Basque et de l\u2019Histoire de Bayonne. <\/span><\/p>\n<p class=\"p3\"><span class=\"s1\"><a href=\"http:\/\/www.pottoroak.fr\/wp-content\/uploads\/2019\/07\/PHOTO-POUR-LE-SITE-WEB.jpg\"><img loading=\"lazy\" decoding=\"async\" class=\"aligncenter wp-image-1263 size-large\" src=\"http:\/\/www.pottoroak.fr\/wp-content\/uploads\/2019\/07\/PHOTO-POUR-LE-SITE-WEB-1024x511.jpg\" alt=\"\" width=\"860\" height=\"429\" srcset=\"https:\/\/www.pottoroak.fr\/wp-content\/uploads\/2019\/07\/PHOTO-POUR-LE-SITE-WEB-1024x511.jpg 1024w, https:\/\/www.pottoroak.fr\/wp-content\/uploads\/2019\/07\/PHOTO-POUR-LE-SITE-WEB-300x150.jpg 300w, https:\/\/www.pottoroak.fr\/wp-content\/uploads\/2019\/07\/PHOTO-POUR-LE-SITE-WEB-768x383.jpg 768w, https:\/\/www.pottoroak.fr\/wp-content\/uploads\/2019\/07\/PHOTO-POUR-LE-SITE-WEB-150x75.jpg 150w\" sizes=\"(max-width: 860px) 100vw, 860px\" \/><\/a><\/span><\/p>\n<p class=\"p3\"><span class=\"s1\">Parlons plus pr\u00e9cis\u00e9ment des trois concerts d\u2019\u00e9t\u00e9 que le ch\u0153ur bayonnais va proposer, comme les ann\u00e9es pr\u00e9c\u00e9dentes, dans son environnement de la casemate du Club Pottoroak. <\/span><\/p>\n<p class=\"p3\"><span class=\"s1\">Le premier d\u2019entre eux aura lieu le mardi 9 juillet et les deux autres les mardis 6 et 20 ao\u00fbt. Ces concerts d\u2019\u00e9t\u00e9 du mardi, jour de r\u00e9p\u00e9tition hebdomadaire du ch\u0153ur, d\u00e9buteront \u00e0 19h. <\/span><\/p>\n<p class=\"p3\"><span class=\"s1\">Le ch\u0153ur, en formation de concert sera install\u00e9 \u00e0 l\u2019entr\u00e9e de la casemate du Club Pottoroak dans les douves du Rempart Lachepaillet, transform\u00e9es pour l\u2019occasion en th\u00e9\u00e2tre de verdure. Des chaises et bancs seront \u00e0 disposition du public.<\/span><\/p>\n<p class=\"p3\"><span class=\"s1\">La dur\u00e9e de ces concerts sera d\u2019environ une heure. Le programme sera constitu\u00e9 de chants \u00e0 4 voix <i>a cappella<\/i>, profanes et religieux et les concerts se termineront par des chants festifs avec accompagnement musical qui, sous l\u2019impulsion du chef de ch\u0153ur, permettront au public de donner de la voix dans la joie, partag\u00e9e avec les choristes.<\/span><\/p>\n<p class=\"p3\"><span class=\"s1\">Le chant basque est le socle du r\u00e9pertoire du Ch\u0153ur Pottoroak, mais place est faite aussi \u00e0 plusieurs airs interpr\u00e9t\u00e9s dans d\u2019autres langues.<\/span><\/p>\n<p class=\"p3\"><span class=\"s1\">La participation \u00e0 ces concerts est libre. En cas d\u2019intemp\u00e9rie, les concerts seront annul\u00e9s.<\/span><\/p>\n<p>&nbsp;<\/p>","protected":false},"excerpt":{"rendered":"<p>Premier rendez-vous bayonnais le mardi 9 juillet La p\u00e9riode estivale 2019 sera un temps fort pour le ch\u0153ur d\u2019hommes du Club Pottoroak dans sa participation \u00e0 l\u2019animation de sa ville de Bayonne. Plusieurs rendez-vous sont donn\u00e9s au public local comme aux touristes qui visiteront notre ville\u00a0: les concerts d\u2019\u00e9t\u00e9 au \u00ab\u00a0domicile\u00a0\u00bb du ch\u0153ur (cf. plus &hellip; <\/p>\n","protected":false},"author":1,"featured_media":1260,"comment_status":"closed","ping_status":"open","sticky":false,"template":"","format":"standard","meta":{"footnotes":""},"categories":[1],"tags":[],"_links":{"self":[{"href":"https:\/\/www.pottoroak.fr\/index.php?rest_route=\/wp\/v2\/posts\/1259"}],"collection":[{"href":"https:\/\/www.pottoroak.fr\/index.php?rest_route=\/wp\/v2\/posts"}],"about":[{"href":"https:\/\/www.pottoroak.fr\/index.php?rest_route=\/wp\/v2\/types\/post"}],"author":[{"embeddable":true,"href":"https:\/\/www.pottoroak.fr\/index.php?rest_route=\/wp\/v2\/users\/1"}],"replies":[{"embeddable":true,"href":"https:\/\/www.pottoroak.fr\/index.php?rest_route=%2Fwp%2Fv2%2Fcomments&post=1259"}],"version-history":[{"count":2,"href":"https:\/\/www.pottoroak.fr\/index.php?rest_route=\/wp\/v2\/posts\/1259\/revisions"}],"predecessor-version":[{"id":1264,"href":"https:\/\/www.pottoroak.fr\/index.php?rest_route=\/wp\/v2\/posts\/1259\/revisions\/1264"}],"wp:featuredmedia":[{"embeddable":true,"href":"https:\/\/www.pottoroak.fr\/index.php?rest_route=\/wp\/v2\/media\/1260"}],"wp:attachment":[{"href":"https:\/\/www.pottoroak.fr\/index.php?rest_route=%2Fwp%2Fv2%2Fmedia&parent=1259"}],"wp:term":[{"taxonomy":"category","embeddable":true,"href":"https:\/\/www.pottoroak.fr\/index.php?rest_route=%2Fwp%2Fv2%2Fcategories&post=1259"},{"taxonomy":"post_tag","embeddable":true,"href":"https:\/\/www.pottoroak.fr\/index.php?rest_route=%2Fwp%2Fv2%2Ftags&post=1259"}],"curies":[{"name":"wp","href":"https:\/\/api.w.org\/{rel}","templated":true}]}}