{"id":1272,"date":"2019-07-30T16:46:23","date_gmt":"2019-07-30T14:46:23","guid":{"rendered":"http:\/\/www.pottoroak.fr\/?p=1272"},"modified":"2019-08-14T16:03:52","modified_gmt":"2019-08-14T14:03:52","slug":"1272","status":"publish","type":"post","link":"https:\/\/www.pottoroak.fr\/?p=1272","title":{"rendered":"POTTOROAK EN CONCERT D\u2019\u00c9T\u00c9\u2026 DANS \u201cSON\u201c REMPART BAYONNAIS le mardi 6 aO\u00dbT \u00c0 19 H !"},"content":{"rendered":"<p>C\u2019est \u00e0 l\u2019entr\u00e9e de \u201csa\u201c casemate, dans les douves, au pied du Rempart Lachepaillet que le ch\u0153ur d\u2019hommes du Club POTTOROAK donnera, en plein air, son second concert public d\u2019\u00e9t\u00e9 (*). La population locale et les touristes sont attendus dans ce cadre \u201cchamp\u00eatre\u201c pour appr\u00e9cier, dans la bonne humeur et la convivialit\u00e9, le chant choral et l\u2019architecture de l\u2019ancienne ville fortifi\u00e9e qu\u2019est Bayonne.<\/p>\n<p>Le programme de chants basques traditionnels \u00e0 4 voix <em>a cappella<\/em> inclura aussi des \u0153uvres musicales en russe (Les Bateliers de la Volga, Tebe Poiem), en galicien (O Voso Galo Comadre), en espagnol (Kitolis). Le concert fera aussi une large place \u00e0 des airs basques festifs accompagn\u00e9s par des instruments et la c\u00e9l\u00e8bre chanson des F\u00eates de Maul\u00e9on sera au programme.<\/p>\n<p>Des chaises seront mises \u00e0 disposition du public. Un fl\u00e9chage, depuis le parc de la Poterne ou les parkings de Porte d\u2019Espagne ou Lautrec, sera install\u00e9 pour acc\u00e9der au lieu du concert. La participation est libre. En cas d\u2019intemp\u00e9rie, le concert ne pourra pas avoir lieu.<\/p>\n<p>(*) le dernier concert d\u2019\u00e9t\u00e9 dans ce format est programm\u00e9 pour le mardi 20 ao\u00fbt, \u00e9galement \u00e0 19 h.<\/p>\n<p><div id='gallery-1' class='gallery galleryid-1272 gallery-columns-3 gallery-size-thumbnail'><figure class='gallery-item'>\n\t\t\t<div class='gallery-icon portrait'>\n\t\t\t\t<a href='https:\/\/www.pottoroak.fr\/?attachment_id=1299'><img loading=\"lazy\" decoding=\"async\" width=\"150\" height=\"150\" src=\"https:\/\/www.pottoroak.fr\/wp-content\/uploads\/2019\/08\/6-aou\u0302t-2019-le-choeur-et-le-public-150x150.jpg\" class=\"attachment-thumbnail size-thumbnail\" alt=\"\" \/><\/a>\n\t\t\t<\/div><\/figure><figure class='gallery-item'>\n\t\t\t<div class='gallery-icon landscape'>\n\t\t\t\t<a href='https:\/\/www.pottoroak.fr\/?attachment_id=1298'><img loading=\"lazy\" decoding=\"async\" width=\"150\" height=\"150\" src=\"https:\/\/www.pottoroak.fr\/wp-content\/uploads\/2019\/08\/6-aou\u0302t-2019-le-choeur-Pottoroak-150x150.jpg\" class=\"attachment-thumbnail size-thumbnail\" alt=\"\" \/><\/a>\n\t\t\t<\/div><\/figure><figure class='gallery-item'>\n\t\t\t<div class='gallery-icon landscape'>\n\t\t\t\t<a href='https:\/\/www.pottoroak.fr\/?attachment_id=1297'><img loading=\"lazy\" decoding=\"async\" width=\"150\" height=\"150\" src=\"https:\/\/www.pottoroak.fr\/wp-content\/uploads\/2019\/08\/6-aou\u0302t-2019-paysage-modifie\u0301-150x150.jpg\" class=\"attachment-thumbnail size-thumbnail\" alt=\"\" \/><\/a>\n\t\t\t<\/div><\/figure>\n\t\t<\/div>\n<\/p>","protected":false},"excerpt":{"rendered":"<p>C\u2019est \u00e0 l\u2019entr\u00e9e de \u201csa\u201c casemate, dans les douves, au pied du Rempart Lachepaillet que le ch\u0153ur d\u2019hommes du Club POTTOROAK donnera, en plein air, son second concert public d\u2019\u00e9t\u00e9 (*). La population locale et les touristes sont attendus dans ce cadre \u201cchamp\u00eatre\u201c pour appr\u00e9cier, dans la bonne humeur et la convivialit\u00e9, le chant choral &hellip; <\/p>\n","protected":false},"author":2,"featured_media":1279,"comment_status":"closed","ping_status":"open","sticky":false,"template":"","format":"standard","meta":{"footnotes":""},"categories":[1],"tags":[],"_links":{"self":[{"href":"https:\/\/www.pottoroak.fr\/index.php?rest_route=\/wp\/v2\/posts\/1272"}],"collection":[{"href":"https:\/\/www.pottoroak.fr\/index.php?rest_route=\/wp\/v2\/posts"}],"about":[{"href":"https:\/\/www.pottoroak.fr\/index.php?rest_route=\/wp\/v2\/types\/post"}],"author":[{"embeddable":true,"href":"https:\/\/www.pottoroak.fr\/index.php?rest_route=\/wp\/v2\/users\/2"}],"replies":[{"embeddable":true,"href":"https:\/\/www.pottoroak.fr\/index.php?rest_route=%2Fwp%2Fv2%2Fcomments&post=1272"}],"version-history":[{"count":5,"href":"https:\/\/www.pottoroak.fr\/index.php?rest_route=\/wp\/v2\/posts\/1272\/revisions"}],"predecessor-version":[{"id":1302,"href":"https:\/\/www.pottoroak.fr\/index.php?rest_route=\/wp\/v2\/posts\/1272\/revisions\/1302"}],"wp:featuredmedia":[{"embeddable":true,"href":"https:\/\/www.pottoroak.fr\/index.php?rest_route=\/wp\/v2\/media\/1279"}],"wp:attachment":[{"href":"https:\/\/www.pottoroak.fr\/index.php?rest_route=%2Fwp%2Fv2%2Fmedia&parent=1272"}],"wp:term":[{"taxonomy":"category","embeddable":true,"href":"https:\/\/www.pottoroak.fr\/index.php?rest_route=%2Fwp%2Fv2%2Fcategories&post=1272"},{"taxonomy":"post_tag","embeddable":true,"href":"https:\/\/www.pottoroak.fr\/index.php?rest_route=%2Fwp%2Fv2%2Ftags&post=1272"}],"curies":[{"name":"wp","href":"https:\/\/api.w.org\/{rel}","templated":true}]}}