{"id":1282,"date":"2019-08-03T10:37:01","date_gmt":"2019-08-03T08:37:01","guid":{"rendered":"http:\/\/www.pottoroak.fr\/?p=1282"},"modified":"2019-08-03T10:46:55","modified_gmt":"2019-08-03T08:46:55","slug":"pottoroak-dans-la-presse","status":"publish","type":"post","link":"https:\/\/www.pottoroak.fr\/?p=1282","title":{"rendered":"Pottoroak dans la presse !"},"content":{"rendered":"<p>Une s\u00e9lection de quelques articles parus dans la presse concernant les derniers concerts du coeur d&rsquo;hommes :<\/p>\n<p><a href=\"https:\/\/www.ladepeche.fr\/2019\/07\/24\/enorme-succes-pour-le-choeur-dhommes-pottoroak,8328167.php\" target=\"_blank\" rel=\"noopener noreferrer\">La D\u00e9p\u00e8che, suite au concert estival donn\u00e9 au sein du sanctuaire Notre-Dame de Peyragude, le 17 juillet,<\/a><\/p>\n<p>Sud\u00a0 Ouest, pour les concerts de l&rsquo;\u00e9t\u00e9<\/p>\n<p><a href=\"http:\/\/www.pottoroak.fr\/wp-content\/uploads\/2019\/08\/SO-1er-aou\u0302t-2019.jpg\" target=\"_blank\" rel=\"noopener noreferrer\"><img loading=\"lazy\" decoding=\"async\" class=\"alignleft wp-image-1285 size-medium\" src=\"http:\/\/www.pottoroak.fr\/wp-content\/uploads\/2019\/08\/SO-1er-aou\u0302t-2019-208x300.jpg\" alt=\"\" width=\"208\" height=\"300\" srcset=\"https:\/\/www.pottoroak.fr\/wp-content\/uploads\/2019\/08\/SO-1er-aou\u0302t-2019-208x300.jpg 208w, https:\/\/www.pottoroak.fr\/wp-content\/uploads\/2019\/08\/SO-1er-aou\u0302t-2019-768x1109.jpg 768w, https:\/\/www.pottoroak.fr\/wp-content\/uploads\/2019\/08\/SO-1er-aou\u0302t-2019-709x1024.jpg 709w, https:\/\/www.pottoroak.fr\/wp-content\/uploads\/2019\/08\/SO-1er-aou\u0302t-2019-104x150.jpg 104w\" sizes=\"(max-width: 208px) 100vw, 208px\" \/><\/a><\/p>\n<p>&nbsp;<\/p>\n<p>&nbsp;<\/p>\n<p>&nbsp;<\/p>\n<p>&nbsp;<\/p>\n<p>&nbsp;<\/p>\n<p>&nbsp;<\/p>\n<p>&nbsp;<\/p>\n<p>&nbsp;<\/p>\n<p><a href=\"https:\/\/www.sudouest.fr\/2019\/07\/25\/video-fetes-de-bayonne-2019-les-choeurs-basques-animent-la-journee-du-jeudi-6379793-4018.php\" target=\"_blank\" rel=\"noopener noreferrer\">Sud Ouest, suite aux concerts des F\u00eates de Bayonne<\/a><\/p>\n<p><iframe loading=\"lazy\" title=\"F\u00eates de Bayonne 2019 : le ch\u0153ur d&#039;hommes Pottoroak chante &quot;Les f\u00eates de Maul\u00e9on&quot;\" width=\"925\" height=\"520\" src=\"https:\/\/www.youtube.com\/embed\/O8rGCKPuB0Y?feature=oembed\" frameborder=\"0\" allow=\"accelerometer; autoplay; clipboard-write; encrypted-media; gyroscope; picture-in-picture\" allowfullscreen><\/iframe><\/p>\n<p>&nbsp;<\/p>","protected":false},"excerpt":{"rendered":"<p>Une s\u00e9lection de quelques articles parus dans la presse concernant les derniers concerts du coeur d&rsquo;hommes : La D\u00e9p\u00e8che, suite au concert estival donn\u00e9 au sein du sanctuaire Notre-Dame de Peyragude, le 17 juillet, Sud\u00a0 Ouest, pour les concerts de l&rsquo;\u00e9t\u00e9 &nbsp; &nbsp; &nbsp; &nbsp; &nbsp; &nbsp; &nbsp; &nbsp; Sud Ouest, suite aux concerts des &hellip; <\/p>\n","protected":false},"author":1,"featured_media":1283,"comment_status":"closed","ping_status":"open","sticky":false,"template":"","format":"standard","meta":{"footnotes":""},"categories":[1],"tags":[],"_links":{"self":[{"href":"https:\/\/www.pottoroak.fr\/index.php?rest_route=\/wp\/v2\/posts\/1282"}],"collection":[{"href":"https:\/\/www.pottoroak.fr\/index.php?rest_route=\/wp\/v2\/posts"}],"about":[{"href":"https:\/\/www.pottoroak.fr\/index.php?rest_route=\/wp\/v2\/types\/post"}],"author":[{"embeddable":true,"href":"https:\/\/www.pottoroak.fr\/index.php?rest_route=\/wp\/v2\/users\/1"}],"replies":[{"embeddable":true,"href":"https:\/\/www.pottoroak.fr\/index.php?rest_route=%2Fwp%2Fv2%2Fcomments&post=1282"}],"version-history":[{"count":3,"href":"https:\/\/www.pottoroak.fr\/index.php?rest_route=\/wp\/v2\/posts\/1282\/revisions"}],"predecessor-version":[{"id":1287,"href":"https:\/\/www.pottoroak.fr\/index.php?rest_route=\/wp\/v2\/posts\/1282\/revisions\/1287"}],"wp:featuredmedia":[{"embeddable":true,"href":"https:\/\/www.pottoroak.fr\/index.php?rest_route=\/wp\/v2\/media\/1283"}],"wp:attachment":[{"href":"https:\/\/www.pottoroak.fr\/index.php?rest_route=%2Fwp%2Fv2%2Fmedia&parent=1282"}],"wp:term":[{"taxonomy":"category","embeddable":true,"href":"https:\/\/www.pottoroak.fr\/index.php?rest_route=%2Fwp%2Fv2%2Fcategories&post=1282"},{"taxonomy":"post_tag","embeddable":true,"href":"https:\/\/www.pottoroak.fr\/index.php?rest_route=%2Fwp%2Fv2%2Ftags&post=1282"}],"curies":[{"name":"wp","href":"https:\/\/api.w.org\/{rel}","templated":true}]}}