{"id":1293,"date":"2019-08-13T13:47:39","date_gmt":"2019-08-13T11:47:39","guid":{"rendered":"http:\/\/www.pottoroak.fr\/?p=1293"},"modified":"2020-12-03T17:51:11","modified_gmt":"2020-12-03T16:51:11","slug":"choeur-pottoroak-dernier-concert-dete-2019-dans-les-douves-du-rempart-lachepaillet","status":"publish","type":"post","link":"https:\/\/www.pottoroak.fr\/?p=1293","title":{"rendered":"CH\u0152UR POTTOROAK : Dernier concert d\u2019\u00e9t\u00e9 2019  dans les douves du Rempart Lachepaillet"},"content":{"rendered":"<p><a href=\"http:\/\/www.pottoroak.fr\/wp-content\/uploads\/2019\/08\/@Affiche-portrait-20-aou\u0302t-2019-e1565791062527.jpg\"><img loading=\"lazy\" decoding=\"async\" class=\"size-medium wp-image-1296 alignleft\" src=\"http:\/\/www.pottoroak.fr\/wp-content\/uploads\/2019\/08\/@Affiche-portrait-20-aou\u0302t-2019-225x300.jpg\" alt=\"\" width=\"225\" height=\"300\" \/><\/a>C\u2019est le mardi 20 ao\u00fbt \u00e0 19h, en plein air, dans l\u2019espace vert devant l\u2019entr\u00e9e du Club Pottoroak que le ch\u0153ur d\u2019hommes bayonnais va donner son dernier concert de l\u2019\u00e9t\u00e9 2019. En juillet et d\u00e9but ao\u00fbt (voir photo du concert du 6 ao\u00fbt), un nombreux public local et touristique a pu appr\u00e9cier dans la bonne humeur et la convivialit\u00e9, tout \u00e0 la fois le chant choral et l\u2019architecture des remparts et de la casemate du Club Pottoroak.<\/p>\n<p>Pour cette derni\u00e8re prestation estivale dans sa ville de Bayonne, sous la baguette du chef Andr\u00e9 Lassus, dans une premi\u00e8re partie, le ch\u0153ur interpr\u00e8tera des chants \u00e0 4 voix<em>a cappella<\/em>principalement en langue basque mais aussi des chants dans d\u2019autres langues. La seconde partie, avec la participation de nos chanteurs-musiciens, fera place \u00e0 des airs festifs du Pays Basque et le chef ne manquera pas de solliciter le public pour reprendre quelques refrains tr\u00e8s connus.<\/p>\n<p>Le concert est public, en acc\u00e8s libre, une participation \u00e9tant laiss\u00e9e \u00e0 l\u2019appr\u00e9ciation de l\u2019auditoire qui disposera de chaises en nombre suffisant. Un fl\u00e9chage, depuis le parc de la Poterne ou les parkings de Porte d\u2019Espagne ou Lautrec, sera install\u00e9 pour acc\u00e9der au lieu du concert.En cas d\u2019intemp\u00e9rie, le concert ne pourra pas avoir lieu.<\/p>\n<p>Albert IRON<\/p>","protected":false},"excerpt":{"rendered":"<p>C\u2019est le mardi 20 ao\u00fbt \u00e0 19h, en plein air, dans l\u2019espace vert devant l\u2019entr\u00e9e du Club Pottoroak que le ch\u0153ur d\u2019hommes bayonnais va donner son dernier concert de l\u2019\u00e9t\u00e9 2019. En juillet et d\u00e9but ao\u00fbt (voir photo du concert du 6 ao\u00fbt), un nombreux public local et touristique a pu appr\u00e9cier dans la bonne &hellip; <\/p>\n","protected":false},"author":2,"featured_media":972,"comment_status":"closed","ping_status":"open","sticky":false,"template":"","format":"standard","meta":{"footnotes":""},"categories":[1],"tags":[],"_links":{"self":[{"href":"https:\/\/www.pottoroak.fr\/index.php?rest_route=\/wp\/v2\/posts\/1293"}],"collection":[{"href":"https:\/\/www.pottoroak.fr\/index.php?rest_route=\/wp\/v2\/posts"}],"about":[{"href":"https:\/\/www.pottoroak.fr\/index.php?rest_route=\/wp\/v2\/types\/post"}],"author":[{"embeddable":true,"href":"https:\/\/www.pottoroak.fr\/index.php?rest_route=\/wp\/v2\/users\/2"}],"replies":[{"embeddable":true,"href":"https:\/\/www.pottoroak.fr\/index.php?rest_route=%2Fwp%2Fv2%2Fcomments&post=1293"}],"version-history":[{"count":4,"href":"https:\/\/www.pottoroak.fr\/index.php?rest_route=\/wp\/v2\/posts\/1293\/revisions"}],"predecessor-version":[{"id":1311,"href":"https:\/\/www.pottoroak.fr\/index.php?rest_route=\/wp\/v2\/posts\/1293\/revisions\/1311"}],"wp:featuredmedia":[{"embeddable":true,"href":"https:\/\/www.pottoroak.fr\/index.php?rest_route=\/wp\/v2\/media\/972"}],"wp:attachment":[{"href":"https:\/\/www.pottoroak.fr\/index.php?rest_route=%2Fwp%2Fv2%2Fmedia&parent=1293"}],"wp:term":[{"taxonomy":"category","embeddable":true,"href":"https:\/\/www.pottoroak.fr\/index.php?rest_route=%2Fwp%2Fv2%2Fcategories&post=1293"},{"taxonomy":"post_tag","embeddable":true,"href":"https:\/\/www.pottoroak.fr\/index.php?rest_route=%2Fwp%2Fv2%2Ftags&post=1293"}],"curies":[{"name":"wp","href":"https:\/\/api.w.org\/{rel}","templated":true}]}}