{"id":1372,"date":"2024-08-14T18:21:08","date_gmt":"2024-08-14T16:21:08","guid":{"rendered":"https:\/\/www.pottoroak.fr\/?p=1372"},"modified":"2024-08-14T18:21:08","modified_gmt":"2024-08-14T16:21:08","slug":"concert-du-16-aout-2024","status":"publish","type":"post","link":"https:\/\/www.pottoroak.fr\/?p=1372","title":{"rendered":"Concert du 16 Ao\u00fbt 2024"},"content":{"rendered":"<p><\/p>\n<p class=\"p1\">Vendredi 16 ao\u00fbt \u00e0 19 h, le Ch\u0153ur d\u2019Hommes POTTOROAK vous donne rendez-vous pour son 2<span class=\"s1\"><sup>\u00e8me<\/sup><\/span> concert d\u2019\u00e9t\u00e9 public en plein air \u00e0 l\u2019entr\u00e9e du Club du m\u00eame nom, dans la douve du Rempart Lachepaillet de Bayonne. Chants basques (et autres) traditionnels \u00e0 4 voix a cappella et airs festifs d\u2019ambiance sont au programme.<\/p>\n<p class=\"p1\">Pour le concert de ce vendredi 16 ao\u00fbt, le Ch\u0153ur Bayonnais a invit\u00e9 2 jeunes solistes \u00e0 partager l\u2019affiche. Ludivine MEYRANX-HUTJENS, 15 ans, violoniste dou\u00e9e, \u00e9tudiante au Conservatoire de Bayonne qui interpr\u00e9tera entre autres la Berceuse Basque. Et Bastien LAFOSSE, percussionniste d\u2019excellent niveau, \u00e9l\u00e8ve au Conservatoire National Sup\u00e9rieur de Musique de Paris. Ces jeunes artistes se produiront ensemble, ou en solo, ou accompagneront le Ch\u0153ur. En fin de concert, muni des paroles, le public sera sollicit\u00e9 pour chanter quelques airs tr\u00e8s connus. Et avant de se quitter l\u2019assistance sera invit\u00e9e au verre de l\u2019amiti\u00e9.<\/p>\n<p class=\"p1\">L\u2019entr\u00e9e est libre. Le parcours pour atteindre le lieu du concert sera fl\u00e9ch\u00e9 depuis l\u2019entr\u00e9e de la Poterne (c\u00f4t\u00e9 Place des Basques) et depuis les parkings Porte d\u2019Espagne et Lautrec. Nous vous attendons nombreux le vendredi 16 ao\u00fbt \u00e0 19 h dans la douve du Rempart Lachepaillet de Bayonne \u00e0 l\u2019entr\u00e9e du Club POTTOROAK.<\/p>\n<p><\/p>","protected":false},"excerpt":{"rendered":"<p>Vendredi 16 ao\u00fbt \u00e0 19 h, le Ch\u0153ur d\u2019Hommes POTTOROAK vous donne rendez-vous pour son 2\u00e8me concert d\u2019\u00e9t\u00e9 public en plein air \u00e0 l\u2019entr\u00e9e du Club du m\u00eame nom, dans la douve du Rempart Lachepaillet de Bayonne. Chants basques (et autres) traditionnels \u00e0 4 voix a cappella et airs festifs d\u2019ambiance sont au programme. Pour &hellip; <\/p>\n","protected":false},"author":1,"featured_media":1373,"comment_status":"closed","ping_status":"closed","sticky":false,"template":"","format":"standard","meta":{"footnotes":""},"categories":[1],"tags":[],"_links":{"self":[{"href":"https:\/\/www.pottoroak.fr\/index.php?rest_route=\/wp\/v2\/posts\/1372"}],"collection":[{"href":"https:\/\/www.pottoroak.fr\/index.php?rest_route=\/wp\/v2\/posts"}],"about":[{"href":"https:\/\/www.pottoroak.fr\/index.php?rest_route=\/wp\/v2\/types\/post"}],"author":[{"embeddable":true,"href":"https:\/\/www.pottoroak.fr\/index.php?rest_route=\/wp\/v2\/users\/1"}],"replies":[{"embeddable":true,"href":"https:\/\/www.pottoroak.fr\/index.php?rest_route=%2Fwp%2Fv2%2Fcomments&post=1372"}],"version-history":[{"count":1,"href":"https:\/\/www.pottoroak.fr\/index.php?rest_route=\/wp\/v2\/posts\/1372\/revisions"}],"predecessor-version":[{"id":1374,"href":"https:\/\/www.pottoroak.fr\/index.php?rest_route=\/wp\/v2\/posts\/1372\/revisions\/1374"}],"wp:featuredmedia":[{"embeddable":true,"href":"https:\/\/www.pottoroak.fr\/index.php?rest_route=\/wp\/v2\/media\/1373"}],"wp:attachment":[{"href":"https:\/\/www.pottoroak.fr\/index.php?rest_route=%2Fwp%2Fv2%2Fmedia&parent=1372"}],"wp:term":[{"taxonomy":"category","embeddable":true,"href":"https:\/\/www.pottoroak.fr\/index.php?rest_route=%2Fwp%2Fv2%2Fcategories&post=1372"},{"taxonomy":"post_tag","embeddable":true,"href":"https:\/\/www.pottoroak.fr\/index.php?rest_route=%2Fwp%2Fv2%2Ftags&post=1372"}],"curies":[{"name":"wp","href":"https:\/\/api.w.org\/{rel}","templated":true}]}}