{"id":1386,"date":"2025-07-29T20:04:49","date_gmt":"2025-07-29T18:04:49","guid":{"rendered":"https:\/\/www.pottoroak.fr\/?p=1386"},"modified":"2025-07-29T20:04:49","modified_gmt":"2025-07-29T18:04:49","slug":"groupe-quem-co-qui-em-invite-par-le-choeur-pottoroak","status":"publish","type":"post","link":"https:\/\/www.pottoroak.fr\/?p=1386","title":{"rendered":"Groupe QU\u2019EM \u00c7O QUI EM invit\u00e9 par le Ch\u0153ur POTTOROAK"},"content":{"rendered":"<p><\/p>\n<p class=\"p1\">Mardi 5 ao\u00fbt \u00e0 19 h, dans la douve du Rempart Lachepaillet de Bayonne, \u00e0 l\u2019entr\u00e9e du Club Pottoroak, pour son 2<span class=\"s1\">\u00e8me<\/span> concert d\u2019\u00e9t\u00e9 public en plein air, le ch\u0153ur bayonnais a invit\u00e9 le groupe de chanteurs pyr\u00e9n\u00e9ens QU\u2019EM \u00c7O QUI EM. Forts d\u2019une douzaine de chanteurs, cet ensemble tarbais chantera en polyphonie essentiellement les Pyr\u00e9n\u00e9es de la Catalogne au Pays Basque (en occitan, catalan, bigourdan, b\u00e9arnais et basque)<span class=\"s2\"><b>. <\/b><\/span>Le ch\u0153ur bayonnais, \u00e0 son habitude, proposera des chants traditionnels <span class=\"s3\">\u00e0 4 voix a cappella<\/span> et chants festifs d\u2019ambiance de notre Pays Basque.<\/p>\n<ul>\n<li class=\"p1\">Entr\u00e9e gratuite avec participation libre, chaises \u00e0 disposition du public.<\/li>\n<li class=\"p1\">\u00c0 la fin du concert, l\u2019assistance sera invit\u00e9e \u00e0 la visite de la casemate Pottoroak et au verre de l\u2019amiti\u00e9.<\/li>\n<li class=\"p1\">Le parcours pour atteindre le lieu du concert sera fl\u00e9ch\u00e9 depuis l\u2019entr\u00e9e de la Poterne (c\u00f4t\u00e9 Place des Basques) et depuis les parkings Porte d\u2019Espagne et Lautrec.<\/li>\n<\/ul>\n<p><a href=\"http:\/\/www.pottoroak.fr\/wp-content\/uploads\/2025\/07\/Affiche-paysage-du-concert-dete-du-5-aout-2025-pour-site-web.jpg\"><img loading=\"lazy\" decoding=\"async\" class=\"aligncenter size-medium wp-image-1387\" src=\"http:\/\/www.pottoroak.fr\/wp-content\/uploads\/2025\/07\/Affiche-paysage-du-concert-dete-du-5-aout-2025-pour-site-web-300x169.jpg\" alt=\"\" width=\"300\" height=\"169\" srcset=\"https:\/\/www.pottoroak.fr\/wp-content\/uploads\/2025\/07\/Affiche-paysage-du-concert-dete-du-5-aout-2025-pour-site-web-300x169.jpg 300w, https:\/\/www.pottoroak.fr\/wp-content\/uploads\/2025\/07\/Affiche-paysage-du-concert-dete-du-5-aout-2025-pour-site-web-1024x576.jpg 1024w, https:\/\/www.pottoroak.fr\/wp-content\/uploads\/2025\/07\/Affiche-paysage-du-concert-dete-du-5-aout-2025-pour-site-web-768x432.jpg 768w, https:\/\/www.pottoroak.fr\/wp-content\/uploads\/2025\/07\/Affiche-paysage-du-concert-dete-du-5-aout-2025-pour-site-web-107x60.jpg 107w, https:\/\/www.pottoroak.fr\/wp-content\/uploads\/2025\/07\/Affiche-paysage-du-concert-dete-du-5-aout-2025-pour-site-web.jpg 1265w\" sizes=\"(max-width: 300px) 100vw, 300px\" \/><\/a><\/p>","protected":false},"excerpt":{"rendered":"<p>Mardi 5 ao\u00fbt \u00e0 19 h, dans la douve du Rempart Lachepaillet de Bayonne, \u00e0 l\u2019entr\u00e9e du Club Pottoroak, pour son 2\u00e8me concert d\u2019\u00e9t\u00e9 public en plein air, le ch\u0153ur bayonnais a invit\u00e9 le groupe de chanteurs pyr\u00e9n\u00e9ens QU\u2019EM \u00c7O QUI EM. Forts d\u2019une douzaine de chanteurs, cet ensemble tarbais chantera en polyphonie essentiellement les &hellip; <\/p>\n","protected":false},"author":1,"featured_media":1387,"comment_status":"closed","ping_status":"closed","sticky":false,"template":"","format":"standard","meta":{"footnotes":""},"categories":[1],"tags":[],"_links":{"self":[{"href":"https:\/\/www.pottoroak.fr\/index.php?rest_route=\/wp\/v2\/posts\/1386"}],"collection":[{"href":"https:\/\/www.pottoroak.fr\/index.php?rest_route=\/wp\/v2\/posts"}],"about":[{"href":"https:\/\/www.pottoroak.fr\/index.php?rest_route=\/wp\/v2\/types\/post"}],"author":[{"embeddable":true,"href":"https:\/\/www.pottoroak.fr\/index.php?rest_route=\/wp\/v2\/users\/1"}],"replies":[{"embeddable":true,"href":"https:\/\/www.pottoroak.fr\/index.php?rest_route=%2Fwp%2Fv2%2Fcomments&post=1386"}],"version-history":[{"count":1,"href":"https:\/\/www.pottoroak.fr\/index.php?rest_route=\/wp\/v2\/posts\/1386\/revisions"}],"predecessor-version":[{"id":1388,"href":"https:\/\/www.pottoroak.fr\/index.php?rest_route=\/wp\/v2\/posts\/1386\/revisions\/1388"}],"wp:featuredmedia":[{"embeddable":true,"href":"https:\/\/www.pottoroak.fr\/index.php?rest_route=\/wp\/v2\/media\/1387"}],"wp:attachment":[{"href":"https:\/\/www.pottoroak.fr\/index.php?rest_route=%2Fwp%2Fv2%2Fmedia&parent=1386"}],"wp:term":[{"taxonomy":"category","embeddable":true,"href":"https:\/\/www.pottoroak.fr\/index.php?rest_route=%2Fwp%2Fv2%2Fcategories&post=1386"},{"taxonomy":"post_tag","embeddable":true,"href":"https:\/\/www.pottoroak.fr\/index.php?rest_route=%2Fwp%2Fv2%2Ftags&post=1386"}],"curies":[{"name":"wp","href":"https:\/\/api.w.org\/{rel}","templated":true}]}}