{"id":1391,"date":"2025-08-17T21:50:09","date_gmt":"2025-08-17T19:50:09","guid":{"rendered":"https:\/\/www.pottoroak.fr\/?p=1391"},"modified":"2025-08-17T21:50:09","modified_gmt":"2025-08-17T19:50:09","slug":"jeunes-musiciens-et-tenor-en-concert-avec-le-choeur-pottoroak","status":"publish","type":"post","link":"https:\/\/www.pottoroak.fr\/?p=1391","title":{"rendered":"Jeunes musiciens et t\u00e9nor en concert avec le Choeur Pottoroak"},"content":{"rendered":"<p><\/p>\n<p class=\"p2\">Le dernier concert d\u2019\u00e9t\u00e9 organis\u00e9 par le Ch\u0153ur d\u2019Hommes Pottoroak de Bayonne aura lieu le mardi 19 ao\u00fbt 2025 \u00e0 19 h en plein air \u00e0 l\u2019entr\u00e9e du Club \u00e9ponyme dans la Douve du Rempart Lachepaillet (parcours fl\u00e9ch\u00e9 depuis l\u2019entr\u00e9e de la Poterne, du Ch\u00e2teau Vieux, des parkings Porte d\u2019Espagne et Lautrec) avec un programme festif et convivial, avec musique et chant choral.<\/p>\n<p class=\"p2\">Le Ch\u0153ur d\u2019Hommes Pottoroak interpr\u00e9tera quelques airs de son r\u00e9pertoire traditionnel et festif et surtout, pour cet ultime rendez-vous estival, il accompagnera trois jeunes artistes bayonnais, deux musiciens et un t\u00e9nor.<\/p>\n<p class=\"p2\">En effet, le chef de ch\u0153ur Andr\u00e9 Lassus a invit\u00e9 la violoniste Ludivine Meyranx-Hutjens, \u00e9l\u00e8ve entre autres du Conservatoire de Bayonne, le percussionniste Bastien Lafosse, \u00e9tudiant au Conservatoire National Sup\u00e9rieur de Musique et de Danse de Paris et son fr\u00e8re Florian, chanteur, \u00e9galement \u00e9tudiant au Conservatoire National Sup\u00e9rieur de Musique et de Danse de Paris.<\/p>\n<p class=\"p2\">L\u2019entr\u00e9e au concert, avec places assises, est gratuite et la participation libre.<\/p>\n<p><\/p>","protected":false},"excerpt":{"rendered":"<p>Le dernier concert d\u2019\u00e9t\u00e9 organis\u00e9 par le Ch\u0153ur d\u2019Hommes Pottoroak de Bayonne aura lieu le mardi 19 ao\u00fbt 2025 \u00e0 19 h en plein air \u00e0 l\u2019entr\u00e9e du Club \u00e9ponyme dans la Douve du Rempart Lachepaillet (parcours fl\u00e9ch\u00e9 depuis l\u2019entr\u00e9e de la Poterne, du Ch\u00e2teau Vieux, des parkings Porte d\u2019Espagne et Lautrec) avec un programme &hellip; <\/p>\n","protected":false},"author":1,"featured_media":0,"comment_status":"closed","ping_status":"closed","sticky":false,"template":"","format":"standard","meta":{"footnotes":""},"categories":[1],"tags":[],"_links":{"self":[{"href":"https:\/\/www.pottoroak.fr\/index.php?rest_route=\/wp\/v2\/posts\/1391"}],"collection":[{"href":"https:\/\/www.pottoroak.fr\/index.php?rest_route=\/wp\/v2\/posts"}],"about":[{"href":"https:\/\/www.pottoroak.fr\/index.php?rest_route=\/wp\/v2\/types\/post"}],"author":[{"embeddable":true,"href":"https:\/\/www.pottoroak.fr\/index.php?rest_route=\/wp\/v2\/users\/1"}],"replies":[{"embeddable":true,"href":"https:\/\/www.pottoroak.fr\/index.php?rest_route=%2Fwp%2Fv2%2Fcomments&post=1391"}],"version-history":[{"count":1,"href":"https:\/\/www.pottoroak.fr\/index.php?rest_route=\/wp\/v2\/posts\/1391\/revisions"}],"predecessor-version":[{"id":1392,"href":"https:\/\/www.pottoroak.fr\/index.php?rest_route=\/wp\/v2\/posts\/1391\/revisions\/1392"}],"wp:attachment":[{"href":"https:\/\/www.pottoroak.fr\/index.php?rest_route=%2Fwp%2Fv2%2Fmedia&parent=1391"}],"wp:term":[{"taxonomy":"category","embeddable":true,"href":"https:\/\/www.pottoroak.fr\/index.php?rest_route=%2Fwp%2Fv2%2Fcategories&post=1391"},{"taxonomy":"post_tag","embeddable":true,"href":"https:\/\/www.pottoroak.fr\/index.php?rest_route=%2Fwp%2Fv2%2Ftags&post=1391"}],"curies":[{"name":"wp","href":"https:\/\/api.w.org\/{rel}","templated":true}]}}